{"id":12518,"date":"2024-01-19T10:05:30","date_gmt":"2024-01-19T10:05:30","guid":{"rendered":"https:\/\/www.ne.se\/info\/?p=12518"},"modified":"2025-05-20T12:15:42","modified_gmt":"2025-05-20T12:15:42","slug":"marcus-wandt","status":"publish","type":"post","link":"https:\/\/www.ne.se\/info\/privat\/marcus-wandt\/","title":{"rendered":"Marcus Wandt"},"content":{"rendered":"\n\n<section  class=\"blog-header\">\n    <div class=\"container\">\n        <div class=\"inner   \">\n        \n            <div class=\"content\">\n                                    \n<div class=\"badges\">\n            <p class=\"badge\">Privat<\/p>\n    <\/div>                \n                \n                                    \n<h1 class=\"h1\"> Marcus Wandt <\/h1>                \n                                    <p class=\"ingress\">Marcus Wandt, f\u00f6dd 1980, stridspilot, astronaut vid Rymdstyrelsen och ESA sedan 2022. L\u00e4s mer om den tredje svensken i rymden!<\/p>\n                            <\/div>\n\n                    <\/div>\n    <\/div>\n<\/section>\n\n\n\n<section  class=\"blog-text\">\n    <div class=\"container\">\n        <div class=\"inner  pt-2 pb-0\">\n                                        <p>Marcus Wandt avslutade officersprogrammet p\u00e5 Milit\u00e4rh\u00f6gskolan Karlberg\u00a02005 och \u00e4r sedan\u00a02007\u00a0stridspilot vid F\u00f6rsvarsmakten. 2007 avslutade han ocks\u00e5 utbildningen till\u00a0elektroingenj\u00f6r vid Chalmers tekniska h\u00f6gskola, och blev\u00a0d\u00e4refter testpilot p\u00e5 Saab i Link\u00f6ping, d\u00e4r han sedan\u00a02020 \u00e4r chefstestpilot.<\/p>\n                    <\/div>\n    <\/div>\n<\/section>\n\n\n\n\n\n\n<section  class=\"blog-left-right\">\n    <div class=\"container\">\n        <div class=\"inner  pt-1 pb-0\">\n\n            <div class=\"grid\">\n                                    <div class=\"col col-2\">\n                                                                            <div class=\"text\">\n                                <p>2022 blev Marcus Wandt uttagen som reservastronaut inom det europeiska rymdorganet\u00a0ESA\u00a0tillsammans med 16 andra astronauter fr\u00e5n ESA:s medlemsl\u00e4nder. \u00c5ret d\u00e4rp\u00e5 avtalade ESA och det kommersiella rymdbolaget\u00a0Axiom Space\u00a0om en plats f\u00f6r Wandt p\u00e5 den tredje privata f\u00e4rden (Ax-3) till rymdstationen\u00a0ISS.<\/p>\n<p>&nbsp;<\/p>\n<p>Uppskjutningen skedde 18 januari 2024 fr\u00e5n Kennedy Space Center med SpaceX:s b\u00e4rraket Falcon 9 och rymdkapsel Dragon. Under den 14 dagar l\u00e5nga vistelsen p\u00e5 ISS deltar Wandt som projektastronaut med anst\u00e4llning inom ESA:s europeiska astronautk\u00e5r.<\/p>\n                            <\/div>\n                                            <\/div>\n\n                    <div class=\"col col-2\">\n                                                    <img decoding=\"async\" src=\"https:\/\/www.ne.se\/info\/wp-content\/uploads\/2024\/01\/marcus_wandt-800x603.jpg\" srcset=\"\" sizes=\"(max-width: 800px) 100vw, 800px\" alt=\"\" title=\"marcus_wandt\" \/>\n                                                            <p class=\"img-text\">Marcus Wandt, foto: ESA<\/p>\n                                                                        <\/div>\n                            <\/div>\n\n        <\/div>\n    <\/div>\n<\/section>\n\n\n\n<section  class=\"blog-text\">\n    <div class=\"container\">\n        <div class=\"inner   \">\n                                        <p>Inom uppdraget, som g\u00e5r under beteckningen Muninn och finansieras av\u00a0Rymdstyrelsen, bedriver Wandt bland annat forskning\u00a0i ESA:s laboratoriemodul Columbus. Ax-3 \u00e4r den f\u00f6rsta heleuropeiska rymdf\u00e4rden; f\u00f6rutom Wandt ing\u00e5r\u00a0Michael L\u00f3pez-Alegr\u00eda (Spanien, f\u00f6dd 1958, bef\u00e4lhavare), Walter Villadei (Italien, f\u00f6dd 1974, pilot) och\u00a0Alper Gezeravci (f\u00f6dd 1979, Turkiet). Marcus Wandt \u00e4r den astronaut som p\u00e5 kortast tid gjort en rymdresa efter p\u00e5b\u00f6rjad astronauttr\u00e4ning.<\/p>\n                    <\/div>\n    <\/div>\n<\/section>\n\n\n\n\n\n\n<section  class=\"blog-button\">\n    <div class=\"container\">\n        <div class=\"inner  pt-2 pb-4\">\n            \n<a href=\"https:\/\/www.ne.se\/info\/prova-ne-kostnadsfritt-i-30-dagar\/\" target=\"\" aria-label=\"Prova NE kostnadsfritt i 30 dagar\" class=\"button button-blue\">\n    Prova NE kostnadsfritt i 30 dagar    <\/a>        <\/div>\n    <\/div>\n<\/section>","protected":false},"excerpt":{"rendered":"","protected":false},"author":13,"featured_media":0,"comment_status":"open","ping_status":"open","sticky":false,"template":"","format":"standard","meta":{"inline_featured_image":false,"footnotes":""},"categories":[28],"tags":[],"class_list":["post-12518","post","type-post","status-publish","format-standard","hentry","category-privat"],"acf":[],"_links":{"self":[{"href":"https:\/\/www.ne.se\/info\/wp-json\/wp\/v2\/posts\/12518","targetHints":{"allow":["GET"]}}],"collection":[{"href":"https:\/\/www.ne.se\/info\/wp-json\/wp\/v2\/posts"}],"about":[{"href":"https:\/\/www.ne.se\/info\/wp-json\/wp\/v2\/types\/post"}],"author":[{"embeddable":true,"href":"https:\/\/www.ne.se\/info\/wp-json\/wp\/v2\/users\/13"}],"replies":[{"embeddable":true,"href":"https:\/\/www.ne.se\/info\/wp-json\/wp\/v2\/comments?post=12518"}],"version-history":[{"count":20,"href":"https:\/\/www.ne.se\/info\/wp-json\/wp\/v2\/posts\/12518\/revisions"}],"predecessor-version":[{"id":12539,"href":"https:\/\/www.ne.se\/info\/wp-json\/wp\/v2\/posts\/12518\/revisions\/12539"}],"wp:attachment":[{"href":"https:\/\/www.ne.se\/info\/wp-json\/wp\/v2\/media?parent=12518"}],"wp:term":[{"taxonomy":"category","embeddable":true,"href":"https:\/\/www.ne.se\/info\/wp-json\/wp\/v2\/categories?post=12518"},{"taxonomy":"post_tag","embeddable":true,"href":"https:\/\/www.ne.se\/info\/wp-json\/wp\/v2\/tags?post=12518"}],"curies":[{"name":"wp","href":"https:\/\/api.w.org\/{rel}","templated":true}]}}