{"id":4347,"date":"2023-04-04T12:24:46","date_gmt":"2023-04-04T12:24:46","guid":{"rendered":"https:\/\/www.ne.se\/info\/?p=4347"},"modified":"2025-05-20T12:37:47","modified_gmt":"2025-05-20T12:37:47","slug":"levande-fotografier-pa-fiskar-sverige","status":"publish","type":"post","link":"https:\/\/www.ne.se\/info\/privat\/levande-fotografier-pa-fiskar-sverige\/","title":{"rendered":"Fiskar som du aldrig sett dem f\u00f6rut"},"content":{"rendered":"\n\n<section  class=\"blog-header\">\n    <div class=\"container\">\n        <div class=\"inner   \">\n        \n            <div class=\"content\">\n                                    \n<div class=\"badges\">\n            <p class=\"badge\">Privat<\/p>\n    <\/div>                \n                \n                                    \n<h2 class=\"h1\"> Fiskar som du aldrig sett dem f\u00f6rut <\/h2>                \n                                    <p class=\"ingress\"><\/p>\n                            <\/div>\n\n                            <img decoding=\"async\" src=\"https:\/\/www.ne.se\/info\/wp-content\/uploads\/2023\/04\/ne-se-20190601-220202-1280x516.jpg\" srcset=\"\" sizes=\"(max-width: 1280px) 100vw, 1280px\" alt=\"\" title=\"ne-se-20190601-220202\" \/>\n                                    <\/div>\n    <\/div>\n<\/section>\n\n\n\n<section  class=\"blog-text\">\n    <div class=\"container\">\n        <div class=\"inner   \">\n                                        <div>\n<p>F\u00f6r f\u00f6rsta g\u00e5ngen har alla arter av Sveriges s\u00f6tvattensfiskar fotograferats levande. Det har vi J\u00f6rgen Wiklund att tacka f\u00f6r.<\/p>\n<p>J\u00f6rgen Wiklund \u00e4r naturfotograf som specialiserat sig p\u00e5 f\u00e5glar i \u00f6ver 30 \u00e5r, men n\u00e4r han b\u00f6rjade tr\u00f6ttna p\u00e5 att fotografera f\u00e5glar var det naturligt att tankarna for till fisket. N\u00e5got han roat sig med sedan han var 7 \u00e5r. S\u00e5 f\u00f6ddes en id\u00e9 n\u00e4r han som gymnasiel\u00e4rare i fotografi tillbringade mycket tid i studiomilj\u00f6.<\/p>\n<p>&#8211; P\u00e5 n\u00e4stan alla fiskfotografier ligger fisken d\u00f6d p\u00e5 sk\u00e4rbr\u00e4dan eller s\u00e5 \u00e4r det n\u00e5gon som h\u00e5ller i den. Jag t\u00e4nkte att det borde fungera att fotografera fiskar levande i studiomilj\u00f6. Och det gick!<\/p>\n<p><strong>Ett gediget f\u00f6rarbete ligger bakom varje fotografi<\/strong><br \/>\n4 \u00e5r tog det J\u00f6rgen att \u00e5ka land och rike runt f\u00f6r att f\u00e5nga Sveriges 47 arter av s\u00f6tvattensfisk levande p\u00e5 bild i deras lekdr\u00e4kt. Under sin lekperiod \u00e4r fiskarna i sin finaste skrud och har d\u00e5 \u00e4ven rom och mj\u00f6lke. Fotograferingen begr\u00e4nsades p\u00e5 s\u00e5 s\u00e4tt till ett f\u00e5tal veckor n\u00e4r fisken har lekdr\u00e4kt. Men f\u00f6r att \u00f6ver huvud taget f\u00e5 napp ligger det ett omfattande researcharbete bakom varje fotografi. J\u00f6rgen fick g\u00e5 igenom artlistor och sportfiskeregister f\u00f6r att ta reda p\u00e5 var han skulle kunna f\u00e5nga fisken.<img decoding=\"async\" src=\"https:\/\/www.ne.se\/info\/wp-content\/uploads\/2020\/11\/ne-se-ga%CC%88rs-300x150.jpeg\" alt=\"\" width=\"356\" height=\"178\" \/><\/p>\n<p>&#8211; P\u00e5 60-talet planterades vissa arter in i v\u00e5ra sj\u00f6ar. Fr\u00e5gan var, fanns de kvar och har n\u00e5gon f\u00e5ngat dem p\u00e5 sistone? s\u00e4ger J\u00f6rgen.<\/p>\n<p>I registren hittade J\u00f6rgen personer som tidigare lyckats f\u00e5nga fiskarna och kontaktade dem f\u00f6r att f\u00e5 tips om var och i vilket vatten han m\u00f6jligen skulle kunna f\u00e5 napp. De flesta fiskarna fick han upp sj\u00e4lv, men vid n\u00e5gra tillf\u00e4llen har andra fiskare hj\u00e4lpt till med fisket.<\/p>\n<p>Att fotografera fiskar i grumligt sj\u00f6vatten med ruttna blad och pinnar fungerar inte s\u00e5 bra. Fisken m\u00e5ste kunna r\u00f6ra sig naturligt f\u00f6r att man ska f\u00e5 bra bilder. Sju olika akvarier fyllda med kranvatten har anv\u00e4nts. J\u00f6rgen fick \u00e4ven l\u00e5ta tillverka specialbyggda akvarier och transportbaljor till sin bil f\u00f6r att f\u00e5 med allt han beh\u00f6vde.<\/p>\n<p>Vid flera tillf\u00e4llen fick han inte napp direkt och vissa arter \u00e4r mer sv\u00e5rfiskade \u00e4n andra.<\/p>\n<p>&#8211; Jag fick bes\u00f6ka Motala tre g\u00e5nger f\u00f6r att lyckas f\u00e5 hornsimpan p\u00e5 bild. Hornsimpa finns i havet men \u00e4ven i v\u00e5ra st\u00f6rsta sj\u00f6ar. Formen i s\u00f6tvatten skiljer sig en del fr\u00e5n den hornsimpa vi hittar i havet.<\/p>\n<p>Som person \u00e4r J\u00f6rgen m\u00e5lmedveten och lite envis. Vid fr\u00e5gan om vad som var roligast med projektet s\u00e4ger han sj\u00e4lv:<\/p>\n<p>&#8211; Kicken jag f\u00e5r n\u00e4r jag lyckats. Sj\u00e4lva fotograferings\u00f6gonblicket. Man tittar p\u00e5 sk\u00e4rmen och konstaterar att nu satt bilden. Innan dess kan man inte gl\u00e4dja sig.<\/p>\n<p>Han tror att det \u00e4r enklare att f\u00f6rst\u00e5 djurlivet och ta hand om naturen n\u00e4r vi kan se den med blotta \u00f6gat. Annat \u00e4r det med det liv som finns i v\u00e5ra vatten.<\/p>\n<p>&#8211; N\u00e4r man g\u00e5r i en park eller i stan ser man f\u00e5glarna, hur de lever, f\u00f6rst\u00e5r att de beh\u00f6ver mat etcetera. Men man ser inte vad som finns i vattnen. S\u00e5 t\u00e4nker man att det \u00e4r som det \u00e4r med det. Och kan inte riktigt f\u00f6rst\u00e5 vad som h\u00e4nder under den grumliga ytan. Man kan inte riktigt ta det till sig.<\/p>\n<p>Men med boken\u00a0som han gjort tillsammans med Mats Ottosson, vetenskapsjournalist och programledare p\u00e5 P1, hoppas han kunna lyfta medvetenheten om vad som finns i vattnet, \u00f6ka f\u00f6rst\u00e5elsen f\u00f6r livet under ytan och f\u00e5 oss att v\u00e4rna om livet i vattnet.<\/p>\n<p>&#8211; F\u00f6rst fotograferade jag alla arter i norra Sverige. Sverige har 47 arter och det saknades 16 arter f\u00f6r att f\u00e5 alla. Jag t\u00e4nkte att boken blir b\u00e4ttre om den \u00e4r rikst\u00e4ckande och n\u00e5r alla i Sverige. M\u00e5nga \u00e4r ju lagom intresserade av fiske s\u00e5 nu finns fotografier p\u00e5 alla Sveriges s\u00f6tvattensfiskar i v\u00e5r bok. N\u00e5gon s\u00e5dan bok har inte funnits f\u00f6rr.<\/p>\n<p>I dag forts\u00e4tter han sitt arbete f\u00f6r djur och natur p\u00e5 SLU (Sveriges lantbruksuniversitet) i Ume\u00e5. P\u00e5 Institutionen f\u00f6r vilt, fisk och milj\u00f6, som har ett samlat ansvar f\u00f6r forskning, utbildning och fortl\u00f6pande milj\u00f6analys, har J\u00f6rgen en delad tj\u00e4nst som tekniker och informat\u00f6r. Han fiskar fortfarande men inte f\u00f6r fotografering utan f\u00e5ngar fisk till SLU i forskningssyfte.<\/p>\n<p>M\u00e5nga av J\u00f6rgen Wiklunds fotografier hittar du i Nationalencyklopedin.<\/p>\n<p><a id=\"levande-fotografier-pa-fiskar-sverige-cta-1\" title=\"\" href=\"https:\/\/www.ne.se\/account\/create-account?product=utforska&amp;interval=month\">Prova NE.se gratis<\/a><\/p>\n<\/div>\n<div><\/div>\n                    <\/div>\n    <\/div>\n<\/section>\n\n\n\n\n\n\n<section  class=\"blog-category\">\n    <div class=\"container\">\n        <div class=\"inner   \">\n\n                            <div class=\"heading-container\">\n                    \n<h3 class=\"h3\"> L\u00e4s mer <\/h3>                    <a class=\"term-link\" href=\"https:\/\/www.ne.se\/info\/category\/privat\/\" title=\"Se alla inl\u00e4gg\">\n                        Se alla inl\u00e4gg\n                        <svg width=\"16\" height=\"16\" viewBox=\"0 0 16 16\" fill=\"none\" xmlns=\"http:\/\/www.w3.org\/2000\/svg\">\n    <path d=\"M3.333 7.333H6c.733 0 1.333-.6 1.333-1.333V3.333C7.333 2.6 6.733 2 6 2H3.333C2.6 2 2 2.6 2 3.333V6c0 .733.6 1.333 1.333 1.333zM3.333 14H6c.733 0 1.333-.6 1.333-1.333V10c0-.733-.6-1.333-1.333-1.333H3.333C2.6 8.667 2 9.267 2 10v2.667C2 13.4 2.6 14 3.333 14zM8.666 3.333V6c0 .733.6 1.333 1.333 1.333h2.667c.733 0 1.333-.6 1.333-1.333V3.333C14 2.6 13.4 2 12.666 2H9.999c-.733 0-1.333.6-1.333 1.333zM10 14h2.666c.733 0 1.333-.6 1.333-1.333V10c0-.733-.6-1.333-1.333-1.333H9.999c-.733 0-1.333.6-1.333 1.333v2.667c0 .733.6 1.333 1.333 1.333z\" fill=\"#007DB8\"\/>\n<\/svg>\n                    <\/a>\n                <\/div>\n            \n                            \n                <div class=\"posts\">\n                    <div class=\"grid posts-grid\">\n                                                                                <div class=\"col col-3 post-item\">\n                                \n<div class=\"card-medium\">\n            <picture>\n            <source media=\"(min-width:767px)\" srcset=\"https:\/\/www.ne.se\/info\/wp-content\/uploads\/2024\/09\/masma93683-scaled-e1726733275698-800x432.jpg\">\n            <source media=\"(max-width:767px)\" srcset=\"https:\/\/www.ne.se\/info\/wp-content\/uploads\/2024\/09\/masma93683-scaled-e1726733275698-1454x678.jpg\">\n            <img decoding=\"async\" src=\"https:\/\/www.ne.se\/info\/wp-content\/uploads\/2024\/09\/masma93683-scaled-e1726733275698-800x432.jpg\" srcset=\"\" sizes=\"(max-width: 800px) 100vw, 800px\" alt=\"\" title=\"\"  \/>\n        <\/picture>\n        <div class=\"wrapper\">\n                            <h4 class=\"heading\">S\u00e4ker sk\u00e4rmtid med NE \u2013 p\u00e5litliga och roliga faktatj\u00e4nster f\u00f6r hela familjen<\/h4>\n                            <p class=\"text\">Du kanske inte kan m\u00e4ta dig med ditt kunskapst\u00f6rstande skolbarn d\u00e4rhemma. Visst vill vi uppmuntra de nyfikna fr\u00e5gorna och ge bra svar och kunna erbjuda s\u00e4ker sk\u00e4rmtid samtidigt. D\u00e5 kan det vara sk\u00f6nt att ha Haja till hands. <\/p>\n            <\/div>\n            \n<a href=\"https:\/\/www.ne.se\/info\/privat\/saker-skarmtid-med-ne-for-hela-familjen\/\" class=\"link button-link\">\n    L\u00e4s mer    <svg width=\"16\" height=\"17\" viewBox=\"0 0 16 17\" fill=\"none\" xmlns=\"http:\/\/www.w3.org\/2000\/svg\">\n    <path d=\"M3.333 9.167h7.447L7.527 12.42a.672.672 0 0 0 0 .947c.26.26.68.26.94 0l4.393-4.394c.26-.26.26-.68 0-.94l-4.387-4.4a.664.664 0 1 0-.94.94l3.247 3.26H3.333c-.366 0-.666.3-.666.667 0 .367.3.667.666.667z\" fill=\"#007DB8\"\/>\n<\/svg>\n<\/a>    <\/div>                            <\/div>\n\n                                                                                <div class=\"col col-3 post-item\">\n                                \n<div class=\"card-medium\">\n            <picture>\n            <source media=\"(min-width:767px)\" srcset=\"https:\/\/www.ne.se\/info\/wp-content\/uploads\/2023\/08\/shutterstock_1481520371-800x432.jpg\">\n            <source media=\"(max-width:767px)\" srcset=\"https:\/\/www.ne.se\/info\/wp-content\/uploads\/2023\/08\/shutterstock_1481520371-1454x678.jpg\">\n            <img decoding=\"async\" src=\"https:\/\/www.ne.se\/info\/wp-content\/uploads\/2023\/08\/shutterstock_1481520371-800x432.jpg\" srcset=\"\" sizes=\"(max-width: 800px) 100vw, 800px\" alt=\"Matsvampar\" title=\"\"  \/>\n        <\/picture>\n        <div class=\"wrapper\">\n                            <h4 class=\"heading\">Matsvampar \u2013 naturens delikatess<\/h4>\n                            <p class=\"text\">Det \u00e4r sensommar, det fuktiga v\u00e4dret har gjort marken till en perfekt grogrund, och pl\u00f6tsligt uppt\u00e4cker du dem \u2013 de vackra, fascinerande svamparna som skjuter upp ur marken. Vissa \u00e4r inte bara vackra att titta p\u00e5, utan \u00e4ven l\u00e4ckra att \u00e4ta. F\u00f6rdjupa dina svampkunskaper och h\u00e4ng med NE ut i skogen!<\/p>\n            <\/div>\n            \n<a href=\"https:\/\/www.ne.se\/info\/privat\/matsvampar-naturens-delikatess\/\" class=\"link button-link\">\n    L\u00e4s mer    <svg width=\"16\" height=\"17\" viewBox=\"0 0 16 17\" fill=\"none\" xmlns=\"http:\/\/www.w3.org\/2000\/svg\">\n    <path d=\"M3.333 9.167h7.447L7.527 12.42a.672.672 0 0 0 0 .947c.26.26.68.26.94 0l4.393-4.394c.26-.26.26-.68 0-.94l-4.387-4.4a.664.664 0 1 0-.94.94l3.247 3.26H3.333c-.366 0-.666.3-.666.667 0 .367.3.667.666.667z\" fill=\"#007DB8\"\/>\n<\/svg>\n<\/a>    <\/div>                            <\/div>\n\n                                                                                <div class=\"col col-3 post-item\">\n                                \n<div class=\"card-medium\">\n            <picture>\n            <source media=\"(min-width:767px)\" srcset=\"https:\/\/www.ne.se\/info\/wp-content\/uploads\/2024\/05\/Bloggbild-stor_OS-800x432.png\">\n            <source media=\"(max-width:767px)\" srcset=\"https:\/\/www.ne.se\/info\/wp-content\/uploads\/2024\/05\/Bloggbild-stor_OS-1454x678.png\">\n            <img decoding=\"async\" src=\"https:\/\/www.ne.se\/info\/wp-content\/uploads\/2024\/05\/Bloggbild-stor_OS-800x432.png\" srcset=\"\" sizes=\"(max-width: 800px) 100vw, 800px\" alt=\"\" title=\"Bloggbild stor_OS\"  \/>\n        <\/picture>\n        <div class=\"wrapper\">\n                            <h4 class=\"heading\">Fr\u00e5n eld till penseldrag \u2013 OS bjuder p\u00e5 mer \u00e4n bara idrott<\/h4>\n                            <p class=\"text\">Visste du att de olympiska spelen en g\u00e5ng bara var \u00f6ppna f\u00f6r amat\u00f6rer eller att det har funnits b\u00e5de konst- och musikt\u00e4vlingar p\u00e5 OS-programmet? Dyk in i n\u00e5gra udda och roliga fakta fr\u00e5n sportens st\u00f6rsta scen. <\/p>\n            <\/div>\n            \n<a href=\"https:\/\/www.ne.se\/info\/privat\/os-fakta\/\" class=\"link button-link\">\n    L\u00e4s mer    <svg width=\"16\" height=\"17\" viewBox=\"0 0 16 17\" fill=\"none\" xmlns=\"http:\/\/www.w3.org\/2000\/svg\">\n    <path d=\"M3.333 9.167h7.447L7.527 12.42a.672.672 0 0 0 0 .947c.26.26.68.26.94 0l4.393-4.394c.26-.26.26-.68 0-.94l-4.387-4.4a.664.664 0 1 0-.94.94l3.247 3.26H3.333c-.366 0-.666.3-.666.667 0 .367.3.667.666.667z\" fill=\"#007DB8\"\/>\n<\/svg>\n<\/a>    <\/div>                            <\/div>\n\n                                            <\/div>\n                <\/div>\n            \n        <\/div>\n    <\/div>\n<\/section>","protected":false},"excerpt":{"rendered":"","protected":false},"author":6,"featured_media":0,"comment_status":"open","ping_status":"open","sticky":false,"template":"","format":"standard","meta":{"inline_featured_image":false,"footnotes":""},"categories":[28],"tags":[],"class_list":["post-4347","post","type-post","status-publish","format-standard","hentry","category-privat"],"acf":[],"_links":{"self":[{"href":"https:\/\/www.ne.se\/info\/wp-json\/wp\/v2\/posts\/4347","targetHints":{"allow":["GET"]}}],"collection":[{"href":"https:\/\/www.ne.se\/info\/wp-json\/wp\/v2\/posts"}],"about":[{"href":"https:\/\/www.ne.se\/info\/wp-json\/wp\/v2\/types\/post"}],"author":[{"embeddable":true,"href":"https:\/\/www.ne.se\/info\/wp-json\/wp\/v2\/users\/6"}],"replies":[{"embeddable":true,"href":"https:\/\/www.ne.se\/info\/wp-json\/wp\/v2\/comments?post=4347"}],"version-history":[{"count":7,"href":"https:\/\/www.ne.se\/info\/wp-json\/wp\/v2\/posts\/4347\/revisions"}],"predecessor-version":[{"id":4581,"href":"https:\/\/www.ne.se\/info\/wp-json\/wp\/v2\/posts\/4347\/revisions\/4581"}],"wp:attachment":[{"href":"https:\/\/www.ne.se\/info\/wp-json\/wp\/v2\/media?parent=4347"}],"wp:term":[{"taxonomy":"category","embeddable":true,"href":"https:\/\/www.ne.se\/info\/wp-json\/wp\/v2\/categories?post=4347"},{"taxonomy":"post_tag","embeddable":true,"href":"https:\/\/www.ne.se\/info\/wp-json\/wp\/v2\/tags?post=4347"}],"curies":[{"name":"wp","href":"https:\/\/api.w.org\/{rel}","templated":true}]}}