{"id":4390,"date":"2020-04-04T12:42:00","date_gmt":"2020-04-04T12:42:00","guid":{"rendered":"https:\/\/www.ne.se\/info\/?p=4390"},"modified":"2025-05-20T12:56:58","modified_gmt":"2025-05-20T12:56:58","slug":"varfor-ska-vi-arbeta-digitalt","status":"publish","type":"post","link":"https:\/\/www.ne.se\/info\/i-skolans-varld\/varfor-ska-vi-arbeta-digitalt\/","title":{"rendered":"Varf\u00f6r ska vi arbeta digitalt?"},"content":{"rendered":"\n\n<section  class=\"blog-header\">\n    <div class=\"container\">\n        <div class=\"inner   \">\n        \n            <div class=\"content\">\n                                    \n<div class=\"badges\">\n            <p class=\"badge\">I skolans v\u00e4rld<\/p>\n            <p class=\"badge\">Forskning och skolutveckling<\/p>\n    <\/div>                \n                \n                                    \n<h2 class=\"h1\"> Varf\u00f6r ska vi arbeta digitalt? <\/h2>                \n                                    <p class=\"ingress\">Varje enskild skola och pedagog b\u00f6r st\u00e4lla sig fr\u00e5gan \u201dvarf\u00f6r ska vi jobba digitalt?\u201d D\u00e5 kommer vi \u00e5t k\u00e4rnan i hur det digitala kan hj\u00e4lpa oss att b\u00e5de n\u00e5 m\u00e5len med undervisningen och utveckla det dagliga pedagogiska arbetet. Det menar i alla fall Martin Bieber p\u00e5 Stenkulaskolan i Malm\u00f6.<\/p>\n                            <\/div>\n\n                    <\/div>\n    <\/div>\n<\/section>\n\n\n\n<section  class=\"blog-images\">\n    <div class=\"container\">\n        <div class=\"inner   \">\n                            <img decoding=\"async\" src=\"https:\/\/www.ne.se\/info\/wp-content\/uploads\/2021\/04\/Tryck_DSC6553-1680x848.jpg\" srcset=\"\" sizes=\"(max-width: 1680px) 100vw, 1680px\" alt=\"\" title=\"Tryck_DSC6553\" \/>\n                                    <\/div>\n    <\/div>\n<\/section>\n\n\n\n<section  class=\"blog-text\">\n    <div class=\"container\">\n        <div class=\"inner   \">\n                                        <p>Martin Bieber uts\u00e5gs 2019 till Ung skolledare och \u00e4r bitr\u00e4dande rektor p\u00e5 Stenkulaskolan. D\u00e4r har man arbetat digitalt under en l\u00e4ngre period och sedan n\u00e5got \u00e5r med digitala l\u00e4romedel fr\u00e5n NE.<\/p>\n<h4>F\u00f6renkla, transformera och l\u00e4ra<\/h4>\n<p>Stenkulaskolan har valt ett koncept runt sin digitalisering som inneb\u00e4r att skolan ska f\u00f6renkla, transformera och l\u00e4ra. Det inneb\u00e4r att digitaliseringen ska f\u00f6renkla undervisningen f\u00f6r b\u00e5de elev och l\u00e4rare. Den ska transformera den och komma \u00e5t saker som inte varit m\u00f6jliga annars samt \u00f6ka elevernas l\u00e4rande. Att arbeta digitalt handlar ocks\u00e5 om att f\u00f6rbereda eleverna f\u00f6r framtiden.<br \/>\n\u2013 Digitala l\u00e4romedel ligger helt i linje med skolans tankar om en framtida digital v\u00e4rld, s\u00e4ger Martin Bieber.<\/p>\n<h4>Varf\u00f6r, hur och vad<\/h4>\n<p>\u00d6verg\u00e5ngen till ett digitalt arbetss\u00e4tt kan se olika ut f\u00f6r olika skolor. Martins b\u00e4sta tips innan man b\u00f6rjar jobba digitalt \u00e4r att svara p\u00e5 fr\u00e5gan \u201dvarf\u00f6r?\u201d<br \/>\n\u2013 Ta reda p\u00e5 varf\u00f6r? Varf\u00f6r ska vi som skola \u00f6ver huvud taget arbeta digitalt? Sen finns givetvis de j\u00e4tteviktiga fr\u00e5gorna \u201dhur?\u201d och \u201dvad?\u201d Och s\u00e5 klart n\u00e4r vi ska g\u00f6ra det.<\/p>\n<p><iframe id=\"573231657\" title=\"Martin Bieber , Stenskulaskolan:\" src=\"https:\/\/www.youtube.com\/embed\/Gr7qqAxIBGo?feature=oembed&amp;enablejsapi=1&amp;origin=https%3A%2F%2Fwww.ne.se\" width=\"500\" height=\"281\" frameborder=\"0\" allowfullscreen=\"allowfullscreen\" data-gtm-yt-inspected-2473142_412=\"true\" data-gtm-yt-inspected-9=\"true\" data-lf-yt-playback-inspected-belvo73rzdv8zmqj=\"true\" data-lf-vimeo-playback-inspected-belvo73rzdv8zmqj=\"true\" data-mce-fragment=\"1\"><\/iframe><\/p>\n<h4>Viktigt med r\u00f6d tr\u00e5d<\/h4>\n<p>F\u00f6r Martin och hans kollegor \u00e4r det viktigt att digitaliseringsarbetet inte blir ett isolerat projekt utan att det ska vara en del av n\u00e5got st\u00f6rre. Stenkulaskolans \u201dvarf\u00f6r\u201d \u00e4r att \u201dmake the world a better place\u201d. Genom att bli Sveriges b\u00e4sta skola och hj\u00e4lpa eleverna till en b\u00e4ttre framtid kommer det i f\u00f6rl\u00e4ngningen bidra till just det, en b\u00e4ttre v\u00e4rld.<\/p>\n<p>\u2013 En sak som \u00e4r v\u00e4ldigt viktig \u00e4r att ta fram n\u00e5gonting som kan f\u00f6rena skolan. En r\u00f6d tr\u00e5d som allt digitaliseringsarbete ska kunna f\u00f6lja. Om vi ska inf\u00f6ra n\u00e5got annorlunda digitalt d\u00e5 ska vi veta vilka kriterierna som ska m\u00f6tas \u00e4r och vad det nya b\u00e5de ska klara av och tillf\u00f6ra.<\/p>\n<p><strong>\u00c4r du nyfiken p\u00e5 vad digitala l\u00e4romedel fr\u00e5n NE kan g\u00f6ra f\u00f6r dig och din undervisning?<\/strong><\/p>\n                    <\/div>\n    <\/div>\n<\/section>\n\n\n\n\n\n\n<section  class=\"blog-button\">\n    <div class=\"container\">\n        <div class=\"inner   \">\n            \n<a href=\"https:\/\/www.ne.se\/info\/prova-ne-kostnadsfritt-i-30-dagar\/\" target=\"\" aria-label=\"Prova NE kostnadsfritt i 30 dagar\" class=\"button button-blue\">\n    Prova NE kostnadsfritt i 30 dagar    <\/a>        <\/div>\n    <\/div>\n<\/section>","protected":false},"excerpt":{"rendered":"","protected":false},"author":6,"featured_media":0,"comment_status":"open","ping_status":"open","sticky":false,"template":"","format":"standard","meta":{"inline_featured_image":false,"footnotes":""},"categories":[25,24],"tags":[],"class_list":["post-4390","post","type-post","status-publish","format-standard","hentry","category-i-skolans-varld","category-forskning-och-skolutveckling"],"acf":[],"_links":{"self":[{"href":"https:\/\/www.ne.se\/info\/wp-json\/wp\/v2\/posts\/4390","targetHints":{"allow":["GET"]}}],"collection":[{"href":"https:\/\/www.ne.se\/info\/wp-json\/wp\/v2\/posts"}],"about":[{"href":"https:\/\/www.ne.se\/info\/wp-json\/wp\/v2\/types\/post"}],"author":[{"embeddable":true,"href":"https:\/\/www.ne.se\/info\/wp-json\/wp\/v2\/users\/6"}],"replies":[{"embeddable":true,"href":"https:\/\/www.ne.se\/info\/wp-json\/wp\/v2\/comments?post=4390"}],"version-history":[{"count":13,"href":"https:\/\/www.ne.se\/info\/wp-json\/wp\/v2\/posts\/4390\/revisions"}],"predecessor-version":[{"id":9510,"href":"https:\/\/www.ne.se\/info\/wp-json\/wp\/v2\/posts\/4390\/revisions\/9510"}],"wp:attachment":[{"href":"https:\/\/www.ne.se\/info\/wp-json\/wp\/v2\/media?parent=4390"}],"wp:term":[{"taxonomy":"category","embeddable":true,"href":"https:\/\/www.ne.se\/info\/wp-json\/wp\/v2\/categories?post=4390"},{"taxonomy":"post_tag","embeddable":true,"href":"https:\/\/www.ne.se\/info\/wp-json\/wp\/v2\/tags?post=4390"}],"curies":[{"name":"wp","href":"https:\/\/api.w.org\/{rel}","templated":true}]}}