{"id":8214,"date":"2024-01-08T09:38:47","date_gmt":"2024-01-08T09:38:47","guid":{"rendered":"https:\/\/www.ne.se\/info\/?p=8214"},"modified":"2025-05-20T12:16:04","modified_gmt":"2025-05-20T12:16:04","slug":"elevaktiv-undervisning","status":"publish","type":"post","link":"https:\/\/www.ne.se\/info\/skola\/elevaktiv-undervisning\/","title":{"rendered":"Elevaktiv undervisning med st\u00f6d av digitala verktyg"},"content":{"rendered":"\n\n<section  class=\"blog-header\">\n    <div class=\"container\">\n        <div class=\"inner first-block  \">\n        \n            <div class=\"content\">\n                                    \n<div class=\"badges\">\n            <p class=\"badge\">I skolans v\u00e4rld<\/p>\n            <p class=\"badge\">Kunskapsk\u00e4llan<\/p>\n            <p class=\"badge\">Skola<\/p>\n    <\/div>                \n                \n                                    \n<h1 class=\"h1\"> Elevaktiv undervisning med st\u00f6d av digitala verktyg <\/h1>                \n                                    <p class=\"ingress\">Att f\u00e5 eleverna att aktivt delta i undervisningen brukar anses vara en f\u00f6ruts\u00e4ttning f\u00f6r att arbeta med olika formativa strategier. Genom att kontinuerligt st\u00e4mma av var eleverna befinner sig kan man som l\u00e4rare f\u00f6lja deras l\u00e4rande. Utifr\u00e5n det kan man planera och anpassa undervisningen efter deras behov. P\u00e5 s\u00e5 s\u00e4tt skapas f\u00f6ruts\u00e4ttningar f\u00f6r samarbete och eleverna ges m\u00f6jlighet att l\u00e4ra av och med varandra.  <\/p>\n                            <\/div>\n\n                            <img decoding=\"async\" src=\"https:\/\/www.ne.se\/info\/wp-content\/uploads\/2023\/08\/ima227157-1280x516.jpg\" srcset=\"\" sizes=\"(max-width: 1280px) 100vw, 1280px\" alt=\"\" title=\"Elever har lektion\" \/>\n                                    <\/div>\n    <\/div>\n<\/section>\n\n\n\n<section  class=\"blog-text\">\n    <div class=\"container\">\n        <div class=\"inner   \">\n                                        <p><span style=\"font-weight: 400;\">Enkelt uttryckt handlar ett aktivt l\u00e4rande om att eleverna aktivt och medvetet deltar i sin l\u00e4randeprocess. F\u00f6r att g\u00f6ra detta beh\u00f6ver man som l\u00e4rare planera undervisning som inbjuder till aktivitet. Att h\u00f6ja elevaktiviteten kan g\u00f6ras p\u00e5 m\u00e5nga s\u00e4tt, till exempel genom att integrera de \u00f6vergripande tankarna kopplade till arbetss\u00e4ttet <\/span><i><span style=\"font-weight: 400;\">flipped classroom<\/span><\/i><span style=\"font-weight: 400;\"> och aktivt l\u00e4rande och kombinera dessa med teknikerna <\/span><i><span style=\"font-weight: 400;\">no hands up<\/span><\/i> <i><span style=\"font-weight: 400;\">och all hands up<\/span><\/i><span style=\"font-weight: 400;\"> och &#8211; digitala verktyg!\u00a0<\/span><\/p>\n<h3><strong><i>Flipped classroom<\/i> f\u00f6r ett aktivt l\u00e4rande<\/strong><\/h3>\n<p><span style=\"font-weight: 400;\">F\u00f6r att f\u00e5 eleverna att mer aktivt delta i undervisningen anv\u00e4nder m\u00e5nga sig av <\/span><i><span style=\"font-weight: 400;\">flipped classroom<\/span><\/i><span style=\"font-weight: 400;\">, eller flippat\/omv\u00e4nt l\u00e4rande. Enkelt fo\u0308rklarat inneba\u0308r <\/span><i><span style=\"font-weight: 400;\">flipped classroom<\/span><\/i><span style=\"font-weight: 400;\"> att la\u0308rare fo\u0308rser sina elever med (ofta digitalt producerat eller digitalt tillga\u0308ngligt) lektionsmaterial som eleverna tar del av som fo\u0308rberedelse info\u0308r lektionen. Det kan till exempel vara videogenomg\u00e5ngar, podcasts, musik, presentationer, quizer, bilder och l\u00e4romedelstexter eller sk\u00f6nlitter\u00e4ra texter. M\u00e5nga l\u00e4rare arbetar utifr\u00e5n tanken om <\/span><i><span style=\"font-weight: 400;\">flipped classroom<\/span><\/i><span style=\"font-weight: 400;\"> med utg\u00e5ngspunkt i l\u00e4romedel, s\u00e5v\u00e4l analoga som digitala, vilket brukar underl\u00e4tta d\u00e5 det oftast finns f\u00e4rdigt material att anv\u00e4nda sig av. Ibland kan det finnas ett v\u00e4rde i att skapa eget material, till exempel egna videoklipp, som har den koppling till \u00e4mnesinneh\u00e5llet som \u00e4r s\u00e4rskilt relevant f\u00f6r elevgruppens behov och f\u00f6ruts\u00e4ttningar.<\/span><\/p>\n<p><i><span style=\"font-weight: 400;\">Flipped classroom<\/span><\/i><span style=\"font-weight: 400;\"> \u00e4r ett vanligt f\u00f6rekommande arbetss\u00e4tt inom undervisning i alla \u00e5ldrar och har sedan m\u00e5nga \u00e5r tillbaka f\u00f6rekommit frekvent i skolforskningsv\u00e4rlden. Ofta kopplas det ihop med ett formativt arbetss\u00e4tt, d\u00e4r eleverna ges m\u00f6jlighet att l\u00e4ra tillsammans. En av de stora f\u00f6rdelarna med att \u201cflippa\u201d brukar beskrivas som att b\u00e5de l\u00e4raren och klasskompisarna finns tillg\u00e4ngliga under lektionen d\u00e4r det aktiva arbetet sker.<\/span><\/p>\n<p><span style=\"font-weight: 400;\">Grundtanken handlar om att f\u00e5 till ett aktivt l\u00e4rande, att v\u00e4cka intresse och anv\u00e4nda den synkrona undervisningstiden (d\u00e5 man ses i realtid oavsett om det \u00e4r i ett fysiskt klassrum eller online) p\u00e5 ett mer effektivt s\u00e4tt d\u00e4r samarbete, elevaktivitet, interaktion och en flerst\u00e4mmig dialog \u00e4r ledord.\u00a0 Tiden i klassrummet som tidigare kanske a\u0308gnades a\u030at mer passiv env\u00e4gsinformation i form av till exempel genomga\u030angar eller fo\u0308rela\u0308sningar anva\u0308nds i sta\u0308llet till mer interaktiva o\u0308vningar da\u0308r la\u0308raren leder och sto\u0308ttar eleverna na\u0308r de pa\u030a olika sa\u0308tt aktivt samarbetar kring a\u0308mnesinneha\u030allet. Den gemensamma tiden i klassrummet fokuseras p\u00e5 att eleverna utvecklar kunskap och fo\u0308rsta\u030aelse och kan diskutera med la\u0308rare och klasskamrater.<\/span><\/p>\n<p><span style=\"font-weight: 400;\">En del t\u00e4nker kanske att interaktiv undervisning \u00e4r motsatsen\u00a0 till en f\u00f6rel\u00e4sande l\u00e4rare men s\u00e5 beh\u00f6ver det f\u00f6rst\u00e5s inte vara d\u00e5 man under f\u00f6rel\u00e4sningar kan anv\u00e4nda sig av olika interaktiva metoder med syfte att engagera och involvera eleverna. Detta arbetss\u00e4tt kan \u00e4ven fr\u00e4mja studiero i klassrummet &#8211; en komplex uppgift som kr\u00e4ver ett aktivt ledarskap av l\u00e4raren och som innefattar b\u00e5de proaktiva och reaktiva arbetss\u00e4tt. Att ge eleverna m\u00f6jlighet att vara aktiva och delaktiga, till exempel genom att reagera och svara under lektionstid, \u00e4r \u00e4ven en av nycklarna f\u00f6r \u00f6kad studiero (Skolforskningsinstitutet, 2022).<\/span><\/p>\n                    <\/div>\n    <\/div>\n<\/section>\n\n\n\n\n\n\n<section  class=\"blog-left-right\">\n    <div class=\"container\">\n        <div class=\"inner  pt-3 pb-0\">\n\n            <div class=\"grid\">\n                                    <div class=\"col col-2\">\n                                                    \n<h3 class=\"h3\"> F\u00f6rbered eleverna p\u00e5 att jobba flippat <\/h3>                                                                            <div class=\"text\">\n                                <p><span style=\"font-weight: 400;\">M\u00e5nga elever beho\u0308ver ofta fa\u030a fo\u0308rklarat fo\u0308r sig den lite speciella och annorlunda studietekniken som kra\u0308vs na\u0308r man arbetar med <\/span><i><span style=\"font-weight: 400;\">flipped classroom<\/span><\/i><span style=\"font-weight: 400;\">. Det flippade materialet, till exempel ett videoklipp, a\u0308r ta\u0308nkt att va\u0308cka tankar och funderingar info\u0308r kommande klassrumsdiskussioner och da\u0308rfo\u0308r beho\u0308ver eleverna vara pa\u030a alerten na\u0308r de tittar pa\u030a det. Majoriteten av elever st\u00f6ttas av att f\u00e5 n\u00e5gra v\u00e4gvisande fr\u00e5gor som kan ge en indikation p\u00e5 vad som kan vara extra\u00a0v\u00e4rt att fundera lite extra kring i ett videoklipp \u2013 eller rentav ett par kontrollfr\u00e5gor som st\u00e4mmer av om de h\u00e4nger med i ett resonemang eller genomg\u00e5ng.\u00a0<\/span><\/p>\n                            <\/div>\n                                            <\/div>\n\n                    <div class=\"col col-2\">\n                                                    <img decoding=\"async\" src=\"https:\/\/www.ne.se\/info\/wp-content\/uploads\/2023\/07\/shutterstock_2109193757-800x640.jpg\" srcset=\"https:\/\/www.ne.se\/info\/wp-content\/uploads\/2023\/07\/shutterstock_2109193757-800x640.jpg 800w, https:\/\/www.ne.se\/info\/wp-content\/uploads\/2023\/07\/shutterstock_2109193757-1240x992.jpg 1240w\" sizes=\"(max-width: 800px) 100vw, 800px\" alt=\"temapaket\" title=\"Happy,Elementary,Students,And,Their,Teacher,Using,Laptop,During,Computer\" \/>\n                                                                        <\/div>\n                            <\/div>\n\n        <\/div>\n    <\/div>\n<\/section>\n\n\n\n<section  class=\"blog-text\">\n    <div class=\"container\">\n        <div class=\"inner  pt-1 pb-3\">\n                                        <p>Detta st\u00f6ttar \u00e4ven l\u00e4raren i dennes planering. Dessa fr\u00e5gor kan till exempel st\u00e4llas i ett formul\u00e4r, skapat antingen i Google- eller Microsoftmilj\u00f6.<\/p>\n<p>Ett sa\u0308tt att ba\u030ade uppmuntra till och sa\u0308kersta\u0308lla att eleverna tagit del av ett videoklipp a\u0308r att la\u030ata dem svara pa\u030a fra\u030agor som a\u0308r tydligt kopplade till inneha\u030allet, till exempel:<\/p>\n<ul>\n<li aria-level=\"1\">Vad av det som togs upp i videoklippet visste du innan?<\/li>\n<li aria-level=\"1\">Vad var extra intressant?<\/li>\n<li aria-level=\"1\">Vad var nytt?<\/li>\n<li aria-level=\"1\">Vad vill du veta mer om?<\/li>\n<li>Vad var oklart?<\/li>\n<\/ul>\n<p>Det kan vara en utmaning att f\u00e5 eleverna att faktiskt ta del av det flippade materialet och vara med och processa det i undervisningen n\u00e4r man ses. Ett tips kan vara att l\u00e5ta eleverna fylla i sitt namn i formul\u00e4ret, s\u00e5 att du som l\u00e4rare kan se vilka som har besvarat de medf\u00f6ljande fr\u00e5gorna. Men man beh\u00f6ver \u00e4ven se till att utg\u00e5 fr\u00e5n det flippade materialet och aktivera eleverna n\u00e4r man v\u00e4l ses \u2013 till exempel med st\u00f6d av teknikerna\u00a0<i>no hands up<\/i>\u00a0och\u00a0<i>all hands up.<\/i><\/p>\n                    <\/div>\n    <\/div>\n<\/section>\n\n\n\n\n\n\n<section  class=\"big-header bg-gray \">\n    <div class=\"container\">\n        <div class=\"inner  pt-4 pb-4\">\n\n            \n\n<div class=\"big-header-center\">\n                \n<h4 class=\"h4\"> Missa inte guiden d\u00e4r  Patricia Diaz delar med sig av fem konkreta tips  p\u00e5 flippad elevaktiv undervisning. <\/h4>        \n    \n            <div class=\"btn-container\">\n                            \n<a href=\"https:\/\/www.ne.se\/info\/skola\/guide-flippad-elevaktiv-undervisning\/\" target=\"\" aria-label=\"Ladda ner guiden h\u00e4r\" class=\"button button-blue\">\n    Ladda ner guiden h\u00e4r    <\/a>                                <\/div>\n    <\/div>\n        <\/div>\n    <\/div>\n<\/section>\n\n\n\n<section  class=\"blog-left-right\">\n    <div class=\"container\">\n        <div class=\"inner  pt-2 pb-0\">\n\n            <div class=\"grid\">\n                \n                    <div class=\"col col-2\">\n                                                    <img decoding=\"async\" src=\"https:\/\/www.ne.se\/info\/wp-content\/uploads\/2023\/08\/ima227423-800x640.jpg\" srcset=\"https:\/\/www.ne.se\/info\/wp-content\/uploads\/2023\/08\/ima227423-800x640.jpg 800w, https:\/\/www.ne.se\/info\/wp-content\/uploads\/2023\/08\/ima227423-1240x992.jpg 1240w\" sizes=\"(max-width: 800px) 100vw, 800px\" alt=\"\" title=\"\" \/>\n                                                                        <\/div>\n\n                    <div class=\"col col-2\">\n                                                    \n<h3 class=\"h3\"> No hands up \u2013 slumpa vem som f\u00e5r ordet! <\/h3>                                                                            <div class=\"text\">\n                                <p><span style=\"font-weight: 400;\">Enkelt f\u00f6rklarat inneb\u00e4r den r\u00e4tt klassiska formativa tekniken<\/span><i><span style=\"font-weight: 400;\"> no hands up<\/span><\/i><span style=\"font-weight: 400;\"> att eleverna inte f\u00e5r r\u00e4cka upp handen f\u00f6r att svara p\u00e5 l\u00e4rarens fr\u00e5gor utan l\u00e4raren slumpar vem (eller vilket elevpar) som ska f\u00e5 ordet. Det finns m\u00e5nga m\u00f6jligheter och en del utmaningar kopplade till denna relativt vanligt f\u00f6rekommande teknik, ganska mycket beroende p\u00e5 vilken elevgrupp man har.<\/span><\/p>\n                            <\/div>\n                                            <\/div>\n\n                            <\/div>\n\n        <\/div>\n    <\/div>\n<\/section>\n\n\n\n<section  class=\"blog-text\">\n    <div class=\"container\">\n        <div class=\"inner  pt-1 pb-3\">\n                                        <p>D\u00e4r beh\u00f6ver man som l\u00e4rare sj\u00e4lv avg\u00f6ra om tekniken fungerar i ens elevgrupp. Viktiga aspekter \u00e4r till exempel att ha med alternativet \u201cring en v\u00e4n\u201d\u00a0 (dvs. att skicka vidare fr\u00e5gan) och att st\u00e4lla \u00f6ppna fr\u00e5gor utan n\u00e5got r\u00e4tt eller fel svar.<\/p>\n<p>Att ha med alternativet \u201dringa en v\u00e4n\u201d brukar \u00e4ven g\u00f6ra att de mer os\u00e4kra eleverna k\u00e4nner sig tryggare. Om de k\u00e4nner att de inte vill svara s\u00e5 kan de helt enkelt skicka fr\u00e5gan vidare till en klasskamrat. Vissa t\u00e4nker att det blir ett evigt bollande n\u00e4r alla elever till\u00e4mpar \u201dring en v\u00e4n\u201d, men min erfarenhet \u00e4r att det \u00e4r relativt ovanligt att de s\u00e4tter det i system. Och t\u00e4nk vilka m\u00f6jligheter att faktiskt \u201cringa en v\u00e4n\u201d det finns i dag med den teknik vi ofta har tillg\u00e4nglig i klassrummet!<\/p>\n                    <\/div>\n    <\/div>\n<\/section>\n\n\n\n\n\n\n<section  class=\"blog-left-right\">\n    <div class=\"container\">\n        <div class=\"inner  pt-2 pb-0\">\n\n            <div class=\"grid\">\n                                    <div class=\"col col-2\">\n                                                    \n<h3 class=\"h3\"> All hands up \u2013 l\u00e5t alla elever svara p\u00e5 fr\u00e5gan samtidigt! <\/h3>                                                                            <div class=\"text\">\n                                <p><span style=\"font-weight: 400;\">Om vi v\u00e4nder p\u00e5 det hela\u00a0 och g\u00e5r fr\u00e5n <\/span><i><span style=\"font-weight: 400;\">no<\/span><\/i> <i><span style=\"font-weight: 400;\">hands up<\/span><\/i><span style=\"font-weight: 400;\"> till <\/span><i><span style=\"font-weight: 400;\">all<\/span><\/i> <i><span style=\"font-weight: 400;\">hands up<\/span><\/i><span style=\"font-weight: 400;\"> f\u00e5r vi \u00e4nnu fler m\u00f6jligheter till elevaktivitet. Med <\/span><i><span style=\"font-weight: 400;\">all hands up<\/span><\/i><span style=\"font-weight: 400;\"> menas att man l\u00e5ter <\/span><i><span style=\"font-weight: 400;\">alla<\/span><\/i><span style=\"font-weight: 400;\"> elever svara p\u00e5 fr\u00e5gan samtidigt, ibland helt analogt genom att skriva ner svar p\u00e5 post-it-lappar eller mini-whiteboards och ibland via digitala responssystem eller kollaborativa anslagstavlor.<\/span><\/p>\n                            <\/div>\n                                            <\/div>\n\n                    <div class=\"col col-2\">\n                                                    <img decoding=\"async\" src=\"https:\/\/www.ne.se\/info\/wp-content\/uploads\/2023\/08\/ima227155-800x640.jpg\" srcset=\"https:\/\/www.ne.se\/info\/wp-content\/uploads\/2023\/08\/ima227155-800x640.jpg 800w, https:\/\/www.ne.se\/info\/wp-content\/uploads\/2023\/08\/ima227155-1240x992.jpg 1240w\" sizes=\"(max-width: 800px) 100vw, 800px\" alt=\"Elevaktiv\" title=\"Elever har lektion\" \/>\n                                                                        <\/div>\n                            <\/div>\n\n        <\/div>\n    <\/div>\n<\/section>\n\n\n\n<section  class=\"blog-text\">\n    <div class=\"container\">\n        <div class=\"inner  pt-1 pb-3\">\n                                        <p><span style=\"font-weight: 400;\">M\u00e5nga l\u00e4rare <\/span>arbetar redan i dag med <i>all hands up<\/i> och har d\u00e4rigenom uppt\u00e4ckt hur viktigt det kan vara att fundera \u00f6ver vilka slags fr\u00e5gor man st\u00e4ller n\u00e4r man arbetar p\u00e5 detta s\u00e4tt och hur stor betydelse fr\u00e5geformuleringarna kan ha. Fr\u00e5gor som l\u00e4raren redan vet svaret p\u00e5 brukar inte leda till n\u00e5got s\u00e4rskilt engagemang bland eleverna; de svarar ofta f\u00f6r att de vill visa att de har lyssnat p\u00e5 vad l\u00e4raren precis har ber\u00e4ttat eller sagt. N\u00e4r l\u00e4raren i st\u00e4llet planerar f\u00f6r och st\u00e4ller varf\u00f6r- och hur-fr\u00e5gor med \u00f6ppna svar hellre \u00e4n fr\u00e5gor av ja- eller nej-karakt\u00e4r, brukar eleverna bli mer engagerade i fr\u00e5gest\u00e4llningen (Wiliam, 2019). Anv\u00e4nd allts\u00e5 elevernas svar som grund f\u00f6r vidare diskussioner och mer utmanande fr\u00e5gest\u00e4llningar.<\/p>\n                    <\/div>\n    <\/div>\n<\/section>\n\n\n\n\n\n\n<section  class=\"blog-left-right\">\n    <div class=\"container\">\n        <div class=\"inner  pt-2 pb-0\">\n\n            <div class=\"grid\">\n                \n                    <div class=\"col col-2\">\n                                                    <img decoding=\"async\" src=\"https:\/\/www.ne.se\/info\/wp-content\/uploads\/2023\/07\/shutterstock_2074585828-800x640.jpg\" srcset=\"https:\/\/www.ne.se\/info\/wp-content\/uploads\/2023\/07\/shutterstock_2074585828-800x640.jpg 800w, https:\/\/www.ne.se\/info\/wp-content\/uploads\/2023\/07\/shutterstock_2074585828-1240x992.jpg 1240w\" sizes=\"(max-width: 800px) 100vw, 800px\" alt=\"\" title=\"Multicultural,School,Children,Using,Laptop,Computers,Learning,Sitting,At,Desk\" \/>\n                                                                        <\/div>\n\n                    <div class=\"col col-2\">\n                                                    \n<h3 class=\"h3\"> Digitala responssystem \u2013 fr\u00e5gor och svar via digitala enheter <\/h3>                                                                            <div class=\"text\">\n                                <p><span style=\"font-weight: 400;\">Det finns m\u00e5nga digitala verktyg att anv\u00e4nda n\u00e4r man som l\u00e4rare vill samla in alla elevers tankar och id\u00e9er kring ett \u00e4mne. De kallas ofta \u201cdigitala responssystem\u201d och med hj\u00e4lp av dessa kan man som l\u00e4rare eller elev st\u00e4lla egna fr\u00e5gor och\/eller l\u00e4mna egna svar i realtid.\u00a0<\/span><\/p>\n                            <\/div>\n                                            <\/div>\n\n                            <\/div>\n\n        <\/div>\n    <\/div>\n<\/section>\n\n\n\n<section  class=\"blog-text\">\n    <div class=\"container\">\n        <div class=\"inner  pt-0 pb-3\">\n                                        <section class=\"blog-left-right\">\n<div class=\"container\">\n<div class=\"inner  pt-2 pb-0\">\n<div class=\"grid\">\n<div class=\"col col-2\">\n<div class=\"text\"><\/div>\n<\/div>\n<\/div>\n<\/div>\n<\/div>\n<\/section>\n<p><span style=\"font-weight: 400;\">I dessa verktyg ges \u00e4ven eleverna ofta m\u00f6jlighet att vara anonyma och det brukar vara enkelt att visualisera allas svar f\u00f6r hela gruppen, n\u00e5got som ofta bidrar till att synligg\u00f6ra fler infallsvinklar och perspektiv.\u00a0<\/span><\/p>\n<p>Med ett genomt\u00e4nkt uppl\u00e4gg kan dessa system hj\u00e4lpa till att synligg\u00f6ra elevernas f\u00f6rf\u00f6rst\u00e5else och f\u00f6rkunskaper, antingen genom att eleverna f\u00e5r skriva in egna svar eller genom att de f\u00e5r besvara flervalsfr\u00e5gor. Det \u00e4r enkelt att anv\u00e4nda f\u00f6r b\u00e5de l\u00e4rare och elever och g\u00f6r att l\u00e4raren kan f\u00e5 direkt \u00e5terkoppling fr\u00e5n eleverna d\u00e5 deras svar sammanst\u00e4lls direkt i verktyget och sedan kan visualiseras p\u00e5 olika s\u00e4tt.<\/p>\n                    <\/div>\n    <\/div>\n<\/section>\n\n\n\n\n\n\n<section  class=\"blog-left-right\">\n    <div class=\"container\">\n        <div class=\"inner   \">\n\n            <div class=\"grid\">\n                                    <div class=\"col col-2\">\n                                                    \n<h3 class=\"h3\"> Sammanfattning <\/h3>                                                                            <div class=\"text\">\n                                <p><span style=\"font-weight: 400;\">Avslutningsvis kan vi konstatera att det\u00a0 finns m\u00e5nga olika s\u00e4tt att f\u00e5 eleverna att delta aktivt i undervisningen, s\u00e5v\u00e4l analoga som digitala. Just den h\u00e4r texten har fokuserat lite mer p\u00e5 den digitala aspekten men det viktigaste \u00e4r att komma ih\u00e5g grundtanken: att fr\u00e4mja elevernas aktiva deltagande. Genom att anv\u00e4nda digitala verktyg kan vi ofta skapa en mer flexibel undervisning, h\u00f6ja elevaktiviteten och ge eleverna m\u00f6jlighet att l\u00e4ra av och med varandra.\u00a0<\/span><\/p>\n                            <\/div>\n                                            <\/div>\n\n                    <div class=\"col col-2\">\n                                                    <img decoding=\"async\" src=\"https:\/\/www.ne.se\/info\/wp-content\/uploads\/2023\/08\/Patricia-Diaz-2021-2-800x640.jpg\" srcset=\"https:\/\/www.ne.se\/info\/wp-content\/uploads\/2023\/08\/Patricia-Diaz-2021-2-800x640.jpg 800w, https:\/\/www.ne.se\/info\/wp-content\/uploads\/2023\/08\/Patricia-Diaz-2021-2-1240x992.jpg 1240w\" sizes=\"(max-width: 800px) 100vw, 800px\" alt=\"\" title=\"Patricia Diaz 2021 (2)\" \/>\n                                                                        <\/div>\n                            <\/div>\n\n        <\/div>\n    <\/div>\n<\/section>\n\n\n\n<section  class=\"blog-fact-box\">\n    <div class=\"container\">\n        <div class=\"inner   \">\n            <div class=\"fact-box\">\n                <p class=\"fact-heading\">FAKTA<\/p>\n                \n                                    <div class=\"text\">\n                        <p><b>Patricia Diaz<\/b><span style=\"font-weight: 400;\"> \u00e4r i grunden legitimerad gymnasiel\u00e4rare i engelska och spanska och arbetar se<\/span><span>dan h\u00f6sten 2020 som doktorand inom l\u00e4rarutbildning och digitalisering p\u00e5 KTH. Hon har skrivit tre b\u00f6cker om hur digitala verktyg kan anv\u00e4ndas f\u00f6r formativa och spr\u00e5kutvecklande syften i undervisningen och har sedan 2011 f\u00f6rel\u00e4st frekvent runtom i landet p\u00e5 samma tema. \u00c5r 2021 tilldelades hon<\/span><span>\u00a0Guld\u00e4pplets Jubileumsutm\u00e4rkelse med motiveringen \u201df\u00f6r spridning och inspiration kring undervisning och l\u00e4rande med digita<\/span>la verktyg\u201d. Hon \u00e4r \u00e4ven medgrundare till Preparus.se d\u00e4r det finns f\u00f6rinspelade f\u00f6rel\u00e4sningar och onlinekurser med Patricia och m\u00e5nga andra \u2013 f\u00f6r en flippad fortbildning!<\/p>\n<p>&nbsp;<\/p>\n<p><a href=\"mailto:info@patriciadiaz.se\"><span style=\"font-weight: 400;\">info@patriciadiaz.se<\/span><\/a><\/p>\n<p><a href=\"http:\/\/www.patriciadiaz.se\" rel=\"nofollow noopener\" target=\"_blank\"><span style=\"font-weight: 400;\">patriciadiaz.se<\/span><\/a><span style=\"font-weight: 400;\">\u00a0<\/span><\/p>\n<p><span style=\"font-weight: 400;\">Instagram &amp; Facebook: @patriciadiaz.se<\/span><\/p>\n                    <\/div>\n                            <\/div>\n        <\/div>\n    <\/div>\n<\/section>\n\n\n\n<section  class=\"blog-text\">\n    <div class=\"container\">\n        <div class=\"inner  pt-3 pb-2\">\n                            \n<h2 class=\"h5\"> Referenser <\/h2>                                        <p><span style=\"font-weight: 400;\">Skolforskningsinstitutet. (2021). \u201cFr\u00e4mja studiero i klassrummet \u2013 l\u00e4rares ledarskap.\u201d Systematisk forskningssammanst\u00e4llning 2021:02. Solna: Skolforskningsinstitutet. ISBN: 978-91-985317-0-1<\/span><\/p>\n<p><span style=\"font-weight: 400;\">Skolforskningsinstitutet. (2022). \u201cL\u00e4xor och likv\u00e4rdiga f\u00f6ruts\u00e4ttningar f\u00f6r l\u00e4rande \u2013 l\u00e4rares arbetss\u00e4tt inf\u00f6r, under och efter l\u00e4xan.\u201d Systematisk forskningssammanst\u00e4llning 2022:02. Solna: Skolforskningsinstitutet. ISBN:978-91-985317-7-0.<\/span><\/p>\n<p><span style=\"font-weight: 400;\">Wiliam, D. (2019). <\/span><i><span style=\"font-weight: 400;\">Att f\u00f6lja l\u00e4rande \u2013 formativ bed\u00f6mning i praktiken.<\/span><\/i><span style=\"font-weight: 400;\"> Studentlitteratur, Lund.<\/span><\/p>\n                    <\/div>\n    <\/div>\n<\/section>\n\n\n","protected":false},"excerpt":{"rendered":"","protected":false},"author":13,"featured_media":0,"comment_status":"open","ping_status":"open","sticky":false,"template":"","format":"standard","meta":{"inline_featured_image":false,"footnotes":""},"categories":[25,26,22],"tags":[],"class_list":["post-8214","post","type-post","status-publish","format-standard","hentry","category-i-skolans-varld","category-kunskapskallan","category-skola"],"acf":[],"_links":{"self":[{"href":"https:\/\/www.ne.se\/info\/wp-json\/wp\/v2\/posts\/8214","targetHints":{"allow":["GET"]}}],"collection":[{"href":"https:\/\/www.ne.se\/info\/wp-json\/wp\/v2\/posts"}],"about":[{"href":"https:\/\/www.ne.se\/info\/wp-json\/wp\/v2\/types\/post"}],"author":[{"embeddable":true,"href":"https:\/\/www.ne.se\/info\/wp-json\/wp\/v2\/users\/13"}],"replies":[{"embeddable":true,"href":"https:\/\/www.ne.se\/info\/wp-json\/wp\/v2\/comments?post=8214"}],"version-history":[{"count":93,"href":"https:\/\/www.ne.se\/info\/wp-json\/wp\/v2\/posts\/8214\/revisions"}],"predecessor-version":[{"id":14800,"href":"https:\/\/www.ne.se\/info\/wp-json\/wp\/v2\/posts\/8214\/revisions\/14800"}],"wp:attachment":[{"href":"https:\/\/www.ne.se\/info\/wp-json\/wp\/v2\/media?parent=8214"}],"wp:term":[{"taxonomy":"category","embeddable":true,"href":"https:\/\/www.ne.se\/info\/wp-json\/wp\/v2\/categories?post=8214"},{"taxonomy":"post_tag","embeddable":true,"href":"https:\/\/www.ne.se\/info\/wp-json\/wp\/v2\/tags?post=8214"}],"curies":[{"name":"wp","href":"https:\/\/api.w.org\/{rel}","templated":true}]}}